[{"@context":"https:\/\/schema.org\/","@type":"Article","@id":"https:\/\/www.rekop.cz\/zijte-tim-co-mate-radi\/#Article","mainEntityOfPage":"https:\/\/www.rekop.cz\/zijte-tim-co-mate-radi\/","headline":"\u017dijte t\u00edm, co m\u00e1te r\u00e1di","name":"\u017dijte t\u00edm, co m\u00e1te r\u00e1di","description":"Pro n\u011bkoho je n\u00e1pln\u00ed voln\u00e9ho \u010dasu p\u00e9\u010de o sv\u016fj osobn\u00ed automobil, pro jin\u00e9ho jsou to vych\u00e1zky se psem. N\u011bkdo m\u00e1 r\u00e1d j\u00edzdu na kole, n\u011bkdo zase tenis. My se hrd\u011b hl\u00e1s\u00edme do posledn\u00ed skupiny, tento sport n\u00e1m u\u010daroval a asi to tak z\u016fstane ji\u017e na do\u017eivot\u00ed. Bav\u00ed n\u00e1s aktivn\u011b hr\u00e1t, bav\u00ed n\u00e1s \u010d\u00edst si o &hellip; <a href=\"https:\/\/www.rekop.cz\/zijte-tim-co-mate-radi\/\" class=\"more-link\">Continue reading <span class=\"screen-reader-text\">\u017dijte t\u00edm, co m\u00e1te r\u00e1di<\/span><\/a>","datePublished":"2025-09-03","dateModified":"2025-09-03","author":{"@type":"Person","@id":"https:\/\/www.rekop.cz\/author\/#Person","name":"","url":"https:\/\/www.rekop.cz\/author\/","identifier":1,"image":{"@type":"ImageObject","@id":"https:\/\/secure.gravatar.com\/avatar\/1fa5b1cbc0125795815d9e30ef12b8bb9be5d358eed11aa2085a8d203d3da2ed?s=96&d=mm&r=g","url":"https:\/\/secure.gravatar.com\/avatar\/1fa5b1cbc0125795815d9e30ef12b8bb9be5d358eed11aa2085a8d203d3da2ed?s=96&d=mm&r=g","height":96,"width":96}},"publisher":{"@type":"Organization","name":"rekop.cz","logo":{"@type":"ImageObject","@id":"\/logo.png","url":"\/logo.png","width":600,"height":60}},"url":"https:\/\/www.rekop.cz\/zijte-tim-co-mate-radi\/","wordCount":183,"articleBody":"Pro n\u011bkoho je n\u00e1pln\u00ed voln\u00e9ho \u010dasu p\u00e9\u010de o sv\u016fj osobn\u00ed automobil, pro jin\u00e9ho jsou to vych\u00e1zky se psem. N\u011bkdo m\u00e1 r\u00e1d j\u00edzdu na kole, n\u011bkdo zase tenis. My se hrd\u011b hl\u00e1s\u00edme do posledn\u00ed skupiny, tento sport n\u00e1m u\u010daroval a asi to tak z\u016fstane ji\u017e na do\u017eivot\u00ed. Bav\u00ed n\u00e1s aktivn\u011b hr\u00e1t, bav\u00ed n\u00e1s \u010d\u00edst si o nejnov\u011bj\u0161\u00edch tenisov\u00fdch v\u00fdsledc\u00edch t\u011bch nejlep\u0161\u00edch hr\u00e1\u010d\u016f sv\u011bta, bav\u00ed n\u00e1s sledovat novinky z t\u00e9to oblasti. N\u00e1s to bav\u00ed tak\u00e9 A proto\u017ee v\u00edme, \u017ee nejsme sami, kdo propadli kouzlu tohoto elegantn\u00edho sportu, rozhodli jsme se pro vyd\u00e1v\u00e1n\u00ed magaz\u00ednu, kter\u00fd bude p\u0159in\u00e1\u0161et v\u00fdhradn\u011b informace z kurt\u016f. D\u00edky Va\u0161emu z\u00e1jmu jsme se pot\u00e9 rozhodli i pro jeho roz\u0161\u00ed\u0159en\u00ed o online verzi, m\u016f\u017eete se tedy, t\u0159eba prost\u0159ednictv\u00edm sv\u00e9ho mobiln\u00edho telefonu, kdykoliv pod\u00edvat, co je v b\u00edl\u00e9m sv\u011bt\u011b nov\u00e9ho.                                                                                                                                                                                                                                                                                                                                                                                                "},{"@context":"https:\/\/schema.org\/","@type":"BreadcrumbList","itemListElement":[{"@type":"ListItem","position":1,"name":"\u017dijte t\u00edm, co m\u00e1te r\u00e1di","item":"https:\/\/www.rekop.cz\/zijte-tim-co-mate-radi\/#breadcrumbitem"}]}]