[{"@context":"https:\/\/schema.org\/","@type":"Article","@id":"https:\/\/www.rekop.cz\/stehovani-je-uz-za-dvermi\/#Article","mainEntityOfPage":"https:\/\/www.rekop.cz\/stehovani-je-uz-za-dvermi\/","headline":"St\u011bhov\u00e1n\u00ed je u\u017e za dve\u0159mi!","name":"St\u011bhov\u00e1n\u00ed je u\u017e za dve\u0159mi!","description":"Ten velmi o\u010dek\u00e1van\u00fd okam\u017eik nastal. Firma u\u017e dokon\u010duje posledn\u00ed detaily zak\u00e1zky a ukl\u00edz\u00ed zbytky nepo\u0159\u00e1dku. Z\u00edtra si jdete p\u0159evz\u00edt kl\u00ed\u010d od Va\u0161eho nov\u00e9ho rodinn\u00e9ho domu. V\u0161echno m\u00e1te sbaleno a st\u011bhov\u00e1n\u00ed je na spadnut\u00ed. Ne\u017e se nast\u011bhujete, chcete nakoupit p\u00e1r dopl\u0148k\u016f, abyste se c\u00edtili jako doma? Pot\u0159ebujete zrcadlo do p\u0159eds\u00edn\u011b, dekora\u010dn\u00ed v\u00e1zu a lampu do ob\u00fdvac\u00edho &hellip; <a href=\"https:\/\/www.rekop.cz\/stehovani-je-uz-za-dvermi\/\" class=\"more-link\">Continue reading <span class=\"screen-reader-text\">St\u011bhov\u00e1n\u00ed je u\u017e za dve\u0159mi!<\/span><\/a>","datePublished":"2024-12-02","dateModified":"2024-12-02","author":{"@type":"Person","@id":"https:\/\/www.rekop.cz\/author\/#Person","name":"","url":"https:\/\/www.rekop.cz\/author\/","identifier":1,"image":{"@type":"ImageObject","@id":"https:\/\/secure.gravatar.com\/avatar\/1fa5b1cbc0125795815d9e30ef12b8bb9be5d358eed11aa2085a8d203d3da2ed?s=96&d=mm&r=g","url":"https:\/\/secure.gravatar.com\/avatar\/1fa5b1cbc0125795815d9e30ef12b8bb9be5d358eed11aa2085a8d203d3da2ed?s=96&d=mm&r=g","height":96,"width":96}},"publisher":{"@type":"Organization","name":"rekop.cz","logo":{"@type":"ImageObject","@id":"\/logo.png","url":"\/logo.png","width":600,"height":60}},"url":"https:\/\/www.rekop.cz\/stehovani-je-uz-za-dvermi\/","wordCount":181,"articleBody":" Ten velmi o\u010dek\u00e1van\u00fd okam\u017eik nastal. Firma u\u017e dokon\u010duje posledn\u00ed detaily zak\u00e1zky a ukl\u00edz\u00ed zbytky nepo\u0159\u00e1dku. Z\u00edtra si jdete p\u0159evz\u00edt kl\u00ed\u010d od Va\u0161eho nov\u00e9ho rodinn\u00e9ho domu. V\u0161echno m\u00e1te sbaleno a st\u011bhov\u00e1n\u00ed je na spadnut\u00ed. Ne\u017e se nast\u011bhujete, chcete nakoupit p\u00e1r dopl\u0148k\u016f, abyste se c\u00edtili jako doma? Pot\u0159ebujete zrcadlo do p\u0159eds\u00edn\u011b, dekora\u010dn\u00ed v\u00e1zu a lampu do ob\u00fdvac\u00edho pokoje. Nezapome\u0148te tak\u00e9 koupit p\u011bkn\u00fd koberec! Jednobarevn\u00fd, pruhovan\u00fd nebo s vysok\u00fdm vlasem? U n\u00e1s najdete v\u0161e! Nev\u00edte si rady jak\u00fd vybrat? N\u00e1\u0161 vy\u0161kolen\u00fd person\u00e1l V\u00e1m s v\u00fdb\u011brem r\u00e1d pom\u016f\u017ee. Zajist\u00e9 vybereme ten spr\u00e1vn\u00fd pr\u00e1v\u011b pro V\u00e1s! Je pro V\u00e1s p\u0159ipravena \u0161irok\u00e1 nab\u00eddka t\u011bch nejkvalitn\u011bj\u0161\u00edch koberc\u016f na trhu. Zvl\u00e1dli jste si vybrat z t\u00e9 pestr\u00e9 \u0161k\u00e1ly? Ano? \u010cek\u00e1me tedy na Va\u0161i objedn\u00e1vku. Pokud je na sklad\u011b, expedice prob\u011bhne do jednoho dne.                                                                                                                                                                                                                                                                                                                                                                                                "},{"@context":"https:\/\/schema.org\/","@type":"BreadcrumbList","itemListElement":[{"@type":"ListItem","position":1,"name":"St\u011bhov\u00e1n\u00ed je u\u017e za dve\u0159mi!","item":"https:\/\/www.rekop.cz\/stehovani-je-uz-za-dvermi\/#breadcrumbitem"}]}]