[{"@context":"https:\/\/schema.org\/","@type":"Article","@id":"https:\/\/www.rekop.cz\/odolny-kov\/#Article","mainEntityOfPage":"https:\/\/www.rekop.cz\/odolny-kov\/","headline":"Odoln\u00fd kov","name":"Odoln\u00fd kov","description":"Mysl\u00edm si, \u017ee ka\u017ed\u00e9 z\u00e1bradl\u00ed v ka\u017ed\u00e9m domov\u011b anebo tak\u00e9 v byt\u011b d\u011bl\u00e1 prost\u011b sv\u00e9 plusy. V\u0161echno m\u00e1 sv\u00e9 opodstatn\u011bn\u00ed. Vzpom\u00edn\u00e1m si t\u0159eba na sebe, kdy\u017e jsme je\u0161t\u011b s p\u0159\u00edtelem v na\u0161em star\u00e9m dom\u011b d\u011blali tak\u00e9 z\u00e1bradl\u00ed. Mus\u00edm uznat, \u017ee ze za\u010d\u00e1tku jsme se tak\u00e9 opravdu hodn\u011b h\u00e1dali, proto\u017ee ka\u017ed\u00fd jsme m\u011bli \u00fapln\u011b jin\u00e9 p\u0159edstav\u011b &hellip; <a href=\"https:\/\/www.rekop.cz\/odolny-kov\/\" class=\"more-link\">Continue reading <span class=\"screen-reader-text\">Odoln\u00fd kov<\/span><\/a>","datePublished":"2023-07-10","dateModified":"2023-08-10","author":{"@type":"Person","@id":"https:\/\/www.rekop.cz\/author\/#Person","name":"","url":"https:\/\/www.rekop.cz\/author\/","identifier":1,"image":{"@type":"ImageObject","@id":"https:\/\/secure.gravatar.com\/avatar\/1fa5b1cbc0125795815d9e30ef12b8bb9be5d358eed11aa2085a8d203d3da2ed?s=96&d=mm&r=g","url":"https:\/\/secure.gravatar.com\/avatar\/1fa5b1cbc0125795815d9e30ef12b8bb9be5d358eed11aa2085a8d203d3da2ed?s=96&d=mm&r=g","height":96,"width":96}},"publisher":{"@type":"Organization","name":"rekop.cz","logo":{"@type":"ImageObject","@id":"\/logo.png","url":"\/logo.png","width":600,"height":60}},"image":{"@type":"ImageObject","@id":"https:\/\/www.rekop.cz\/wp-content\/uploads\/architecture-2154346_1280.jpg","url":"https:\/\/www.rekop.cz\/wp-content\/uploads\/architecture-2154346_1280.jpg","height":0,"width":0},"url":"https:\/\/www.rekop.cz\/odolny-kov\/","about":["Cestov\u00e1n\u00ed"],"wordCount":471,"articleBody":"   Mysl\u00edm si, \u017ee ka\u017ed\u00e9 z\u00e1bradl\u00ed v ka\u017ed\u00e9m domov\u011b anebo tak\u00e9 v byt\u011b d\u011bl\u00e1 prost\u011b sv\u00e9 plusy. V\u0161echno m\u00e1 sv\u00e9 opodstatn\u011bn\u00ed. Vzpom\u00edn\u00e1m si t\u0159eba na sebe, kdy\u017e jsme je\u0161t\u011b s p\u0159\u00edtelem v na\u0161em star\u00e9m dom\u011b d\u011blali tak\u00e9 z\u00e1bradl\u00ed. Mus\u00edm uznat, \u017ee ze za\u010d\u00e1tku jsme se tak\u00e9 opravdu hodn\u011b h\u00e1dali, proto\u017ee ka\u017ed\u00fd jsme m\u011bli \u00fapln\u011b jin\u00e9 p\u0159edstav\u011b o z\u00e1bradl\u00ed. J\u00e1 jsem cht\u011bla kovan\u00e9 z\u00e1bradl\u00ed na terasu, aby bylo kovan\u00e9. Zat\u00edmco m\u016fj p\u0159\u00edtel cht\u011bl, aby kovan\u00e9 z\u00e1bradl\u00ed v\u016fbec nebylo z kovu, ale aby bylo t\u0159eba nap\u0159\u00edklad ze \u017eeleza. Abych se p\u0159iznala, j\u00e1 tedy osobn\u011b jsem moc nev\u011bd\u011bla, jak\u00fd je rozd\u00edl mezi kovan\u00fdm z\u00e1bradl\u00edm nebo \u017eelezn\u00fdm z\u00e1bradl\u00edm. Nakonec p\u0159\u00edtel tedy usoudil, \u017ee to asi tak velik\u00fd probl\u00e9m nep\u016fjde, ale \u017ee pr\u00fd kovan\u00e9 z\u00e1bradl\u00ed na terasu vyjde opravdu na hodn\u011b pen\u011bz. Kdy\u017e jsem p\u0159\u00edteli uk\u00e1zala r\u016fzn\u00e9 webov\u00e9 str\u00e1nky a dal\u0161\u00ed webov\u00e9 adresy, tak jsme nakonec zjistili, \u017ee tohle v\u016fbec nen\u00ed pravda. \u017de kovan\u00e9 z\u00e1bradl\u00ed na terasu m\u016f\u017ee st\u00e1t i m\u00e1lo pen\u011bz a nemus\u00ed b\u00fdt v\u0161echno p\u0159edra\u017een\u00e9, jak si lid\u00e9 mysl\u00ed. P\u0159\u00edtel tak\u00e9 chv\u00edli uva\u017eoval nad t\u00edm, \u017ee bychom si dali plastov\u00e9 z\u00e1bradl\u00ed na terasu anebo dokonce i d\u0159ev\u011bn\u00e9 z\u00e1bradl\u00ed na terasu. Jenom\u017ee jsme se pozd\u011bji dozv\u011bd\u011bli, \u017ee pr\u00e1v\u011b d\u0159ev\u011bn\u00e9 z\u00e1bradl\u00ed na terasu by n\u00e1s vy\u0161lo skoro o dvojn\u00e1sobek v\u00edce ne\u017e kovan\u00e9 z\u00e1bradl\u00ed na terasu. Pokud i vy st\u00e1le v\u00e1h\u00e1te, jak\u00fd typ a druh z\u00e1bradl\u00ed si na terasu d\u00e1te, tak by to cht\u011blo opravdu po\u0159\u00e1dn\u011b promyslet. Nemus\u00ed to b\u00fdt zrovna z\u00e1bradl\u00ed na terasu, ale m\u016f\u017eete si po\u0159\u00eddit tak\u00e9 kvalitn\u00ed kovan\u00e9 z\u00e1bradl\u00ed na balkon anebo tak\u00e9 do bytu. My jsme v bytovce m\u011bli tak\u00e9 kovan\u00e9 z\u00e1bradl\u00ed, proto\u017ee n\u00e1m p\u0159i\u0161lo opravdu nejv\u00edce pevn\u00e9 a takov\u00e9 v\u00edce robustn\u00ed. Ono vlastn\u011b ani nezr\u00e1lo, jak se \u0159\u00edk\u00e1 o d\u0159ev\u011b, \u017ee d\u0159evo p\u0159eci zraje a m\u016f\u017ee tak\u00e9 \u010dasem prasknout. To naopak kovan\u00e9 z\u00e1bradl\u00ed, kdy\u017e se n\u011bjak poni\u010d\u00ed, tak se jednodu\u0161e obrous\u00ed a m\u016f\u017ee se nalakovat znova anebo se tak\u00e9 p\u0159et\u0159\u00edt jinou barvou. Kdy\u017e si vezmete v potaz nap\u0159\u00edklad plastov\u00e9 z\u00e1bradl\u00ed, tak to vlastn\u011b \u010dasem zm\u011bn\u00ed barvu a bude to sp\u00ed\u0161e do \u017eluta a tak\u00e9 se lehce zni\u010d\u00ed anebo zlom\u00ed. Podle m\u00e9ho n\u00e1zoru bude kovan\u00e9 z\u00e1bradl\u00ed na terasu opravdu nejlep\u0161\u00ed variantou.                                                                                                                                                                                                                                                                                                                                                                                                   "},{"@context":"https:\/\/schema.org\/","@type":"BreadcrumbList","itemListElement":[{"@type":"ListItem","position":1,"name":"Odoln\u00fd kov","item":"https:\/\/www.rekop.cz\/odolny-kov\/#breadcrumbitem"}]}]