[{"@context":"https:\/\/schema.org\/","@type":"Article","@id":"https:\/\/www.rekop.cz\/dvere-do-kazdeho-interieru\/#Article","mainEntityOfPage":"https:\/\/www.rekop.cz\/dvere-do-kazdeho-interieru\/","headline":"Dve\u0159e do ka\u017ed\u00e9ho interi\u00e9ru","name":"Dve\u0159e do ka\u017ed\u00e9ho interi\u00e9ru","description":"To, jak na n\u00e1s ka\u017ed\u00fd interi\u00e9r p\u016fsob\u00ed, ovliv\u0148uje nejen n\u00e1bytek ale tak\u00e9 i nejr\u016fzn\u011bj\u0161\u00ed bytov\u00e9 dopl\u0148ky. Pokud se poda\u0159\u00ed v\u0161echno stylov\u011b a barevn\u011b sladit, tak je celkov\u00fd dojem velmi p\u0159\u00edjemn\u00fd. Mezi vybaven\u00ed, kter\u00e9 m\u00e1 svou pozici t\u00e9m\u011b\u0159 v ka\u017ed\u00e9 m\u00edstnosti jistou, pat\u0159\u00ed interi\u00e9rov\u00e9 dve\u0159e Praha. Ka\u017ed\u00fd si je po\u0159izuje p\u0159edev\u0161\u00edm pro jejich prakti\u010dnost. Ov\u0161em ani &hellip; <a href=\"https:\/\/www.rekop.cz\/dvere-do-kazdeho-interieru\/\" class=\"more-link\">Continue reading <span class=\"screen-reader-text\">Dve\u0159e do ka\u017ed\u00e9ho interi\u00e9ru<\/span><\/a>","datePublished":"2023-06-15","dateModified":"2024-06-17","author":{"@type":"Person","@id":"https:\/\/www.rekop.cz\/author\/#Person","name":"","url":"https:\/\/www.rekop.cz\/author\/","identifier":1,"image":{"@type":"ImageObject","@id":"https:\/\/secure.gravatar.com\/avatar\/1fa5b1cbc0125795815d9e30ef12b8bb9be5d358eed11aa2085a8d203d3da2ed?s=96&d=mm&r=g","url":"https:\/\/secure.gravatar.com\/avatar\/1fa5b1cbc0125795815d9e30ef12b8bb9be5d358eed11aa2085a8d203d3da2ed?s=96&d=mm&r=g","height":96,"width":96}},"publisher":{"@type":"Organization","name":"rekop.cz","logo":{"@type":"ImageObject","@id":"\/logo.png","url":"\/logo.png","width":600,"height":60}},"url":"https:\/\/www.rekop.cz\/dvere-do-kazdeho-interieru\/","wordCount":261,"articleBody":"To, jak na n\u00e1s ka\u017ed\u00fd interi\u00e9r p\u016fsob\u00ed, ovliv\u0148uje nejen n\u00e1bytek ale tak\u00e9 i nejr\u016fzn\u011bj\u0161\u00ed bytov\u00e9 dopl\u0148ky. Pokud se poda\u0159\u00ed v\u0161echno stylov\u011b a barevn\u011b sladit, tak je celkov\u00fd dojem velmi p\u0159\u00edjemn\u00fd. Mezi vybaven\u00ed, kter\u00e9 m\u00e1 svou pozici t\u00e9m\u011b\u0159 v ka\u017ed\u00e9 m\u00edstnosti jistou, pat\u0159\u00ed interi\u00e9rov\u00e9 dve\u0159e Praha. Ka\u017ed\u00fd si je po\u0159izuje p\u0159edev\u0161\u00edm pro jejich prakti\u010dnost. Ov\u0161em ani design a celkov\u00e9 proveden\u00ed nejsou nic, nad \u010d\u00edm by se m\u011blo m\u00e1vnout rukou. Pr\u00e1v\u011b v tomto ohledu se projevuje jejich s\u00edla. To, \u017ee budou chr\u00e1nit p\u0159ed chladem a vytv\u00e1\u0159et soukrom\u00ed, se p\u0159irozen\u011b p\u0159edpokl\u00e1d\u00e1. Ale je dobr\u00e9 neopomenout ani jejich funkci estetickou.Dejte p\u0159ednost kvalit\u011bPokud se v\u00e1m nechce utratit za interi\u00e9rov\u00e9 dve\u0159e zbyte\u010dn\u011b moc a uva\u017eujete o n\u011bjak\u00e9 levn\u00e9 n\u00e1hrad\u011b, tak zkuste nab\u00eddku spole\u010dnosti MB Praha a rychle zm\u011bn\u00edte sv\u016fj n\u00e1zor. Ta m\u00e1 s v\u00fdrobou a prodejem dve\u0159\u00ed a z\u00e1rubn\u00ed bohat\u00e9 zku\u0161enosti. Tomu odpov\u00edd\u00e1 i nab\u00eddka jej\u00edho e-shopu. Dostanete tu zbo\u017e\u00ed nejvy\u0161\u0161\u00ed kvality a nav\u00edc za velmi p\u0159\u00edzniv\u00e9 ceny. Na sv\u00e9 si tu ov\u0161em p\u0159ijdou i ti, kte\u0159\u00ed maj\u00ed opravdu vysok\u00e9 n\u00e1roky na materi\u00e1l, proveden\u00ed a design. A pokud ani v tak \u0161irok\u00e9m a rozmanit\u00e9m sortimentu zbo\u017e\u00ed nenajdete to, co pot\u0159ebujete, zak\u00e1zkov\u00e1 v\u00fdroba v\u00e1m stoprocentn\u011b spln\u00ed ka\u017ed\u00e9 va\u0161e p\u0159\u00e1n\u00ed.                                                                                                                                                                                                                                                                                                                                                                                                "},{"@context":"https:\/\/schema.org\/","@type":"BreadcrumbList","itemListElement":[{"@type":"ListItem","position":1,"name":"Dve\u0159e do ka\u017ed\u00e9ho interi\u00e9ru","item":"https:\/\/www.rekop.cz\/dvere-do-kazdeho-interieru\/#breadcrumbitem"}]}]